{"id":4080,"date":"2024-12-17T10:24:57","date_gmt":"2024-12-17T10:24:57","guid":{"rendered":"https:\/\/www.innovahousegroup.com\/?p=4080"},"modified":"2024-12-17T10:27:16","modified_gmt":"2024-12-17T10:27:16","slug":"escriva-topar-los-precios-del-alquiler-podria-ser-perjudicial","status":"publish","type":"post","link":"https:\/\/www.innovahousegroup.com\/index.php\/2024\/12\/17\/escriva-topar-los-precios-del-alquiler-podria-ser-perjudicial\/","title":{"rendered":"Escriv\u00e1: Topar los precios del alquiler podr\u00eda ser perjudicial"},"content":{"rendered":"\t\t<div data-elementor-type=\"wp-post\" data-elementor-id=\"4080\" class=\"elementor elementor-4080\">\n\t\t\t\t<div class=\"elementor-element elementor-element-28ecb45 e-flex e-con-boxed e-con e-parent\" data-id=\"28ecb45\" data-element_type=\"container\" data-e-type=\"container\">\n\t\t\t\t\t<div class=\"e-con-inner\">\n\t\t\t\t<div class=\"elementor-element elementor-element-c12e3d9 elementor-widget elementor-widget-text-editor\" data-id=\"c12e3d9\" data-element_type=\"widget\" data-e-type=\"widget\" data-widget_type=\"text-editor.default\">\n\t\t\t\t<div class=\"elementor-widget-container\">\n\t\t\t\t\t\t\t\t\t<p>El debate sobre la regulaci\u00f3n del mercado del alquiler en Espa\u00f1a ha vuelto al centro de la escena con las recientes declaraciones del gobernador del Banco de Espa\u00f1a, Jos\u00e9 Luis Escriv\u00e1. En una entrevista para Antena 3, Escriv\u00e1 expres\u00f3 su preocupaci\u00f3n por el d\u00e9ficit de viviendas en el pa\u00eds y advirti\u00f3 sobre los riesgos potenciales de topar los precios del alquiler, una medida que, seg\u00fan afirm\u00f3, podr\u00eda generar efectos \u00abindeseables\u00bb.<\/p>\n<p>\u00a0<\/p>\n<h3>El d\u00e9ficit de vivienda: el verdadero problema<\/h3>\n<p>Escriv\u00e1 destac\u00f3 que el mayor desaf\u00edo no radica \u00fanicamente en los precios del alquiler, sino en la falta de oferta suficiente para satisfacer la creciente demanda. Seg\u00fan sus datos, Espa\u00f1a produce aproximadamente 100.000 viviendas al a\u00f1o y renueva otras 20.000, pero el n\u00famero de nuevos hogares duplica estas cifras, lo que genera una brecha significativa entre la oferta y la demanda.<\/p>\n<p>Esta escasez de viviendas no solo presiona los precios al alza, sino que dificulta encontrar soluciones habitacionales accesibles, especialmente para colectivos vulnerables como los j\u00f3venes y los inmigrantes. Escriv\u00e1 subray\u00f3 que este problema es m\u00e1s evidente en las grandes ciudades, donde la demanda de vivienda es m\u00e1s intensa.<\/p>\n<p>\u00a0<\/p>\n<h3>Topar precios: \u00bfSoluci\u00f3n o problema?<\/h3>\n<p>El gobernador fue claro al afirmar que a\u00fan no hay suficiente evidencia sobre el impacto de los topes a los precios del alquiler. Aunque algunas experiencias internacionales ofrecen resultados mixtos, Escriv\u00e1 advirti\u00f3 que estas medidas podr\u00edan generar din\u00e1micas no previstas, dificultando a\u00fan m\u00e1s el acceso a la vivienda.<\/p>\n<p>\u00abLo que necesitamos es acumular informaci\u00f3n, evaluar experiencias y actuar con cautela para evitar efectos indeseables que puedan surgir de decisiones legislativas apresuradas\u00bb, afirm\u00f3. En su opini\u00f3n, es fundamental analizar a fondo el problema y centrarse en soluciones estructurales que aborden la ra\u00edz del d\u00e9ficit habitacional.<\/p>\n<p>\u00a0<\/p>\n<h3>Un mercado de alquiler m\u00e1s accesible<\/h3>\n<p>Escriv\u00e1 enfatiz\u00f3 la importancia de desarrollar un mercado de alquiler accesible en Espa\u00f1a. Actualmente, el mercado espa\u00f1ol est\u00e1 poco desarrollado en comparaci\u00f3n con otros pa\u00edses europeos, donde los sistemas de alquiler incluyen ayudas p\u00fablicas que fomentan la cohesi\u00f3n social y la inclusi\u00f3n.<\/p>\n<p>Seg\u00fan Escriv\u00e1, la soluci\u00f3n a este problema pasa por una acci\u00f3n coordinada entre todas las administraciones p\u00fablicas: ayuntamientos, comunidades aut\u00f3nomas y el gobierno central. \u00abEs necesario que todas las administraciones trabajen juntas para cerrar esta brecha y garantizar que m\u00e1s personas puedan acceder a una vivienda digna\u00bb, se\u00f1al\u00f3.<\/p>\n<p>\u00a0<\/p>\n<h3><a href=\"https:\/\/wa.me\/&lt;+34613621454&gt;\">Innova House Group<\/a>: tu aliado en el mercado del alquiler<\/h3>\n<p>Entendemos los retos del mercado inmobiliario actual y trabajamos para ofrecer soluciones personalizadas tanto a propietarios como a inquilinos. Si est\u00e1s buscando alquilar tu vivienda o encontrar el hogar ideal en condiciones accesibles, nuestro equipo de expertos est\u00e1 aqu\u00ed para ayudarte.<\/p>\n<p><strong>Cont\u00e1ctanos hoy mismo<\/strong> para recibir asesoramiento sobre c\u00f3mo sacar el m\u00e1ximo provecho de tu inmueble o para encontrar una vivienda que se ajuste a tus necesidades. En <a href=\"https:\/\/wa.me\/&lt;+34613621454&gt;\"><strong>Innova House Group<\/strong><\/a>, te acompa\u00f1amos en cada paso del proceso, asegur\u00e1ndonos de que tomes decisiones informadas y aproveches todas las oportunidades que el mercado ofrece.<\/p>\n<p><strong>\u00a1No dejes pasar esta oportunidad! Ll\u00e1manos y descubre c\u00f3mo podemos hacer la diferencia en tu experiencia en el mercado inmobiliario.<\/strong><\/p>\t\t\t\t\t\t\t\t<\/div>\n\t\t\t\t<\/div>\n\t\t\t\t\t<\/div>\n\t\t\t\t<\/div>\n\t\t\t\t<\/div>\n\t\t","protected":false},"excerpt":{"rendered":"<p>El debate sobre la regulaci\u00f3n del mercado del alquiler en Espa\u00f1a ha vuelto al centro de la escena con las recientes declaraciones del gobernador del Banco de Espa\u00f1a, Jos\u00e9 Luis Escriv\u00e1. En una entrevista para Antena 3, Escriv\u00e1 expres\u00f3 su preocupaci\u00f3n por el d\u00e9ficit de viviendas en el pa\u00eds y advirti\u00f3 sobre los riesgos potenciales [&hellip;]<\/p>\n","protected":false},"author":1,"featured_media":4081,"comment_status":"open","ping_status":"open","sticky":false,"template":"","format":"standard","meta":{"_eb_attr":"","footnotes":""},"categories":[34,31],"tags":[],"class_list":["post-4080","post","type-post","status-publish","format-standard","has-post-thumbnail","hentry","category-alquiler-noticias-de-tu-interes","category-noticias-de-tu-interes"],"rttpg_featured_image_url":{"full":["https:\/\/www.innovahousegroup.com\/wp-content\/uploads\/2024\/12\/ose-Luis-Escriva.png",1080,720,false],"landscape":["https:\/\/www.innovahousegroup.com\/wp-content\/uploads\/2024\/12\/ose-Luis-Escriva.png",1080,720,false],"portraits":["https:\/\/www.innovahousegroup.com\/wp-content\/uploads\/2024\/12\/ose-Luis-Escriva.png",1080,720,false],"thumbnail":["https:\/\/www.innovahousegroup.com\/wp-content\/uploads\/2024\/12\/ose-Luis-Escriva.png",150,100,false],"medium":["https:\/\/www.innovahousegroup.com\/wp-content\/uploads\/2024\/12\/ose-Luis-Escriva.png",300,200,false],"large":["https:\/\/www.innovahousegroup.com\/wp-content\/uploads\/2024\/12\/ose-Luis-Escriva.png",640,427,false],"1536x1536":["https:\/\/www.innovahousegroup.com\/wp-content\/uploads\/2024\/12\/ose-Luis-Escriva.png",1080,720,false],"2048x2048":["https:\/\/www.innovahousegroup.com\/wp-content\/uploads\/2024\/12\/ose-Luis-Escriva.png",1080,720,false],"nexproperty-footer-thumbnail":["https:\/\/www.innovahousegroup.com\/wp-content\/uploads\/2024\/12\/ose-Luis-Escriva.png",90,60,false],"nexproperty-slider-thumbnail":["https:\/\/www.innovahousegroup.com\/wp-content\/uploads\/2024\/12\/ose-Luis-Escriva.png",270,180,false],"nexproperty-post-thumbnail":["https:\/\/www.innovahousegroup.com\/wp-content\/uploads\/2024\/12\/ose-Luis-Escriva.png",836,557,false],"nexproperty-post-thumbnail-nocrop":["https:\/\/www.innovahousegroup.com\/wp-content\/uploads\/2024\/12\/ose-Luis-Escriva-836x557.png",836,557,true]},"rttpg_author":{"display_name":"Innova House Group","author_link":"https:\/\/www.innovahousegroup.com\/index.php\/author\/admin\/"},"rttpg_comment":0,"rttpg_category":"<a href=\"https:\/\/www.innovahousegroup.com\/index.php\/category\/noticias-de-tu-interes\/alquiler-noticias-de-tu-interes\/\" rel=\"category tag\">Alquiler<\/a> <a href=\"https:\/\/www.innovahousegroup.com\/index.php\/category\/noticias-de-tu-interes\/\" rel=\"category tag\">Noticias de tu inter\u00e9s<\/a>","rttpg_excerpt":"El debate sobre la regulaci\u00f3n del mercado del alquiler en Espa\u00f1a ha vuelto al centro de la escena con las recientes declaraciones del gobernador del Banco de Espa\u00f1a, Jos\u00e9 Luis Escriv\u00e1. En una entrevista para Antena 3, Escriv\u00e1 expres\u00f3 su preocupaci\u00f3n por el d\u00e9ficit de viviendas en el pa\u00eds y advirti\u00f3 sobre los riesgos potenciales&hellip;","_links":{"self":[{"href":"https:\/\/www.innovahousegroup.com\/index.php\/wp-json\/wp\/v2\/posts\/4080","targetHints":{"allow":["GET"]}}],"collection":[{"href":"https:\/\/www.innovahousegroup.com\/index.php\/wp-json\/wp\/v2\/posts"}],"about":[{"href":"https:\/\/www.innovahousegroup.com\/index.php\/wp-json\/wp\/v2\/types\/post"}],"author":[{"embeddable":true,"href":"https:\/\/www.innovahousegroup.com\/index.php\/wp-json\/wp\/v2\/users\/1"}],"replies":[{"embeddable":true,"href":"https:\/\/www.innovahousegroup.com\/index.php\/wp-json\/wp\/v2\/comments?post=4080"}],"version-history":[{"count":4,"href":"https:\/\/www.innovahousegroup.com\/index.php\/wp-json\/wp\/v2\/posts\/4080\/revisions"}],"predecessor-version":[{"id":4085,"href":"https:\/\/www.innovahousegroup.com\/index.php\/wp-json\/wp\/v2\/posts\/4080\/revisions\/4085"}],"wp:featuredmedia":[{"embeddable":true,"href":"https:\/\/www.innovahousegroup.com\/index.php\/wp-json\/wp\/v2\/media\/4081"}],"wp:attachment":[{"href":"https:\/\/www.innovahousegroup.com\/index.php\/wp-json\/wp\/v2\/media?parent=4080"}],"wp:term":[{"taxonomy":"category","embeddable":true,"href":"https:\/\/www.innovahousegroup.com\/index.php\/wp-json\/wp\/v2\/categories?post=4080"},{"taxonomy":"post_tag","embeddable":true,"href":"https:\/\/www.innovahousegroup.com\/index.php\/wp-json\/wp\/v2\/tags?post=4080"}],"curies":[{"name":"wp","href":"https:\/\/api.w.org\/{rel}","templated":true}]}}