{"id":5492,"date":"2025-10-13T10:50:11","date_gmt":"2025-10-13T10:50:11","guid":{"rendered":"https:\/\/www.innovahousegroup.com\/?p=5492"},"modified":"2025-10-13T10:50:13","modified_gmt":"2025-10-13T10:50:13","slug":"el-auge-de-la-compraventa-en-cataluna-por-la-tension-del-alquiler","status":"publish","type":"post","link":"https:\/\/www.innovahousegroup.com\/index.php\/2025\/10\/13\/el-auge-de-la-compraventa-en-cataluna-por-la-tension-del-alquiler\/","title":{"rendered":"El auge de la compraventa en Catalu\u00f1a por la tensi\u00f3n del alquiler"},"content":{"rendered":"\t\t<div data-elementor-type=\"wp-post\" data-elementor-id=\"5492\" class=\"elementor elementor-5492\">\n\t\t\t\t<div class=\"elementor-element elementor-element-28ecb45 e-con-full e-flex e-con e-parent\" data-id=\"28ecb45\" data-element_type=\"container\" data-e-type=\"container\">\n\t\t\t\t<div class=\"elementor-element elementor-element-c12e3d9 elementor-widget elementor-widget-text-editor\" data-id=\"c12e3d9\" data-element_type=\"widget\" data-e-type=\"widget\" data-widget_type=\"text-editor.default\">\n\t\t\t\t<div class=\"elementor-widget-container\">\n\t\t\t\t\t\t\t\t\t<h3 data-start=\"113\" data-end=\"666\"><strong data-start=\"113\" data-end=\"190\">Catalu\u00f1a recupera el segundo puesto en compraventas de vivienda en Espa\u00f1a<\/strong><\/h3><p data-start=\"113\" data-end=\"666\">El mercado inmobiliario catal\u00e1n vive un momento de gran dinamismo. Seg\u00fan los \u00faltimos datos del INE, Catalu\u00f1a ha vuelto a situarse como la segunda comunidad con mayor n\u00famero de compraventas de viviendas en Espa\u00f1a, solo por detr\u00e1s de Andaluc\u00eda y por delante de la Comunidad Valenciana. Entre enero y julio de 2025, la regi\u00f3n suma <strong data-start=\"521\" data-end=\"543\">67.415 operaciones<\/strong>, lo que supone un incremento interanual del <strong data-start=\"588\" data-end=\"597\">21,6%<\/strong>, superando la media nacional y reflejando la fortaleza del sector.<\/p><p data-start=\"113\" data-end=\"666\">\u00a0<\/p><h3 data-start=\"668\" data-end=\"1199\"><strong data-start=\"668\" data-end=\"724\">El auge de la compra frente a la crisis del alquiler<\/strong><\/h3><p data-start=\"668\" data-end=\"1199\">Uno de los factores determinantes de este cambio es la <strong data-start=\"782\" data-end=\"818\">tensi\u00f3n del mercado del alquiler<\/strong>. La aplicaci\u00f3n de la Ley de Vivienda y los topes al precio de las rentas han reducido dr\u00e1sticamente la oferta disponible. Muchos peque\u00f1os propietarios han optado por vender sus inmuebles ante la <strong data-start=\"1014\" data-end=\"1038\">inseguridad jur\u00eddica<\/strong> y la rentabilidad limitada del arrendamiento. Este trasvase de propiedades ha impulsado la oferta en venta, generando un aumento notable en las transacciones.<\/p><p data-start=\"1201\" data-end=\"1501\">Seg\u00fan los expertos, <strong data-start=\"1221\" data-end=\"1323\">entre el 15% y el 17% de las viviendas destinadas al alquiler han pasado al mercado de compraventa<\/strong>. Adem\u00e1s, la <strong data-start=\"1336\" data-end=\"1378\">estabilizaci\u00f3n de los tipos de inter\u00e9s<\/strong>, en torno al 2%, ha favorecido la decisi\u00f3n de compra de muchas familias que anteriormente se ve\u00edan obligadas a alquilar.<\/p><p data-start=\"1201\" data-end=\"1501\">\u00a0<\/p><h3 data-start=\"1503\" data-end=\"2042\"><strong data-start=\"1503\" data-end=\"1573\">El perfil del comprador: j\u00f3venes y familias que buscan estabilidad<\/strong><\/h3><p data-start=\"1503\" data-end=\"2042\"><br data-start=\"1573\" data-end=\"1576\" \/>El comprador m\u00e1s activo en Catalu\u00f1a son <strong data-start=\"1616\" data-end=\"1646\">parejas j\u00f3venes y familias<\/strong> que, ante la falta de viviendas en alquiler y los precios desorbitados, han decidido dar el paso hacia la propiedad. Tambi\u00e9n destacan los <strong data-start=\"1785\" data-end=\"1819\">peque\u00f1os y medianos inversores<\/strong> que buscan rentabilizar su capital en zonas con alta demanda, especialmente en \u00e1reas metropolitanas bien conectadas con Barcelona, como <strong data-start=\"1956\" data-end=\"2039\">Hospitalet de Llobregat, Badalona, Sant Cugat del Vall\u00e8s o Vilanova i la Geltr\u00fa<\/strong>.<\/p><p data-start=\"1503\" data-end=\"2042\">\u00a0<\/p><h3 data-start=\"2044\" data-end=\"2583\"><strong data-start=\"2044\" data-end=\"2103\">Factores demogr\u00e1ficos y econ\u00f3micos refuerzan la demanda<\/strong><\/h3><p data-start=\"2044\" data-end=\"2583\"><br data-start=\"2103\" data-end=\"2106\" \/>Catalu\u00f1a cuenta con una base demogr\u00e1fica y econ\u00f3mica s\u00f3lida que impulsa su mercado residencial. Su peso poblacional y su dinamismo empresarial generan una <strong data-start=\"2261\" data-end=\"2290\">demanda interna constante<\/strong>, tanto de compradores nacionales como internacionales. Zonas como la <strong data-start=\"2360\" data-end=\"2375\">Costa Brava<\/strong> o el <strong data-start=\"2381\" data-end=\"2399\">Baix Llobregat<\/strong> atraen cada vez m\u00e1s inter\u00e9s extranjero, mientras que el \u00e1rea metropolitana de Barcelona mantiene un movimiento continuo de compraventas ligadas a la movilidad laboral y profesional.<\/p><p data-start=\"2044\" data-end=\"2583\">\u00a0<\/p><h3 data-start=\"2585\" data-end=\"3074\"><strong data-start=\"2585\" data-end=\"2647\">La Comunidad Valenciana muestra s\u00edntomas de estabilizaci\u00f3n<\/strong><\/h3><p data-start=\"2585\" data-end=\"3074\">Mientras Catalu\u00f1a acelera, la Comunidad Valenciana empieza a mostrar cierta <strong data-start=\"2726\" data-end=\"2744\">desaceleraci\u00f3n<\/strong>. El incremento acumulado de precios \u2014que ha superado el <strong data-start=\"2801\" data-end=\"2821\">16,9% interanual<\/strong> y un <strong data-start=\"2827\" data-end=\"2859\">35% en los \u00faltimos tres a\u00f1os<\/strong>\u2014 ha reducido la accesibilidad de la vivienda. Adem\u00e1s, su dependencia del comprador extranjero, m\u00e1s sensible a factores externos como el turismo o la situaci\u00f3n internacional, ha moderado su ritmo de transacciones.<\/p><p data-start=\"3076\" data-end=\"3390\">Otro elemento diferencial es la <strong data-start=\"3108\" data-end=\"3122\">obra nueva<\/strong>: Catalu\u00f1a experimenta un crecimiento en proyectos residenciales, mientras que en la Comunidad Valenciana este segmento se mantiene estancado. Esta mayor actividad constructiva est\u00e1 permitiendo que el mercado catal\u00e1n absorba mejor la demanda y mantenga su dinamismo.<\/p><p data-start=\"3076\" data-end=\"3390\">\u00a0<\/p><h3 data-start=\"3392\" data-end=\"3838\"><strong data-start=\"3392\" data-end=\"3441\">Perspectivas del mercado inmobiliario catal\u00e1n<\/strong><\/h3><p data-start=\"3392\" data-end=\"3838\">Aunque los expertos advierten que es pronto para confirmar un cambio estructural, todo apunta a que <strong data-start=\"3544\" data-end=\"3592\">la tendencia se mantendr\u00e1 hasta final de a\u00f1o<\/strong>. Si los tipos de inter\u00e9s se estabilizan y la situaci\u00f3n econ\u00f3mica contin\u00faa mejorando, Catalu\u00f1a podr\u00eda consolidarse como uno de los <strong data-start=\"3723\" data-end=\"3767\">principales polos inmobiliarios del pa\u00eds<\/strong>, tanto por volumen de compraventas como por fortaleza de la demanda.<\/p><p data-start=\"3392\" data-end=\"3838\">\u00a0<\/p><p data-start=\"2227\" data-end=\"2541\" data-is-last-node=\"\" data-is-only-node=\"\">Adem\u00e1s, en <a href=\"https:\/\/wa.me\/&lt;+34613621454&gt;\">INNOVA HOUSE GROUP<\/a> te acompa\u00f1amos en cada paso del proceso, ofreci\u00e9ndote asesor\u00eda en financiaci\u00f3n, reformas, certificados de eficiencia energ\u00e9tica, as\u00ed como servicios de compra, venta y alquiler. \u00a1No dejes pasar esta oportunidad y contacta con nosotros para conocer personalmente este incre\u00edble espacio!<\/p><p data-start=\"2717\" data-end=\"3031\" data-is-last-node=\"\" data-is-only-node=\"\"><em>(Fuente: Idealista\/News)<\/em><\/p>\t\t\t\t\t\t\t\t<\/div>\n\t\t\t\t<\/div>\n\t\t\t\t<\/div>\n\t\t<div class=\"elementor-element elementor-element-71d4ed6 e-flex e-con-boxed e-con e-parent\" data-id=\"71d4ed6\" data-element_type=\"container\" data-e-type=\"container\">\n\t\t\t\t\t<div class=\"e-con-inner\">\n\t\t\t\t<div class=\"elementor-element elementor-element-077a03a elementor-button-info elementor-align-center elementor-widget elementor-widget-button\" data-id=\"077a03a\" data-element_type=\"widget\" data-e-type=\"widget\" data-widget_type=\"button.default\">\n\t\t\t\t<div class=\"elementor-widget-container\">\n\t\t\t\t\t\t\t\t\t<div class=\"elementor-button-wrapper\">\n\t\t\t\t\t<a class=\"elementor-button elementor-button-link elementor-size-sm\" href=\"https:\/\/www.innovahousegroup.com\/index.php\/contacto\/\" target=\"_blank\">\n\t\t\t\t\t\t<span class=\"elementor-button-content-wrapper\">\n\t\t\t\t\t\t\t\t\t<span class=\"elementor-button-text\">CONTACTA AHORA<\/span>\n\t\t\t\t\t<\/span>\n\t\t\t\t\t<\/a>\n\t\t\t\t<\/div>\n\t\t\t\t\t\t\t\t<\/div>\n\t\t\t\t<\/div>\n\t\t\t\t\t<\/div>\n\t\t\t\t<\/div>\n\t\t\t\t<\/div>\n\t\t","protected":false},"excerpt":{"rendered":"<p>Catalu\u00f1a recupera el segundo puesto en compraventas de vivienda en Espa\u00f1a El mercado inmobiliario catal\u00e1n vive un momento de gran dinamismo. Seg\u00fan los \u00faltimos datos del INE, Catalu\u00f1a ha vuelto a situarse como la segunda comunidad con mayor n\u00famero de compraventas de viviendas en Espa\u00f1a, solo por detr\u00e1s de Andaluc\u00eda y por delante de la [&hellip;]<\/p>\n","protected":false},"author":1,"featured_media":5497,"comment_status":"open","ping_status":"open","sticky":false,"template":"","format":"standard","meta":{"_eb_attr":"","footnotes":""},"categories":[32,31,33],"tags":[],"class_list":["post-5492","post","type-post","status-publish","format-standard","has-post-thumbnail","hentry","category-compra-noticias-de-tu-interes","category-noticias-de-tu-interes","category-venta-noticias-de-tu-interes"],"rttpg_featured_image_url":{"full":["https:\/\/www.innovahousegroup.com\/wp-content\/uploads\/2025\/10\/El-auge-de-la-compraventa-en-Cataluna-por-la-tension-del-alquiler.jpg",1080,720,false],"landscape":["https:\/\/www.innovahousegroup.com\/wp-content\/uploads\/2025\/10\/El-auge-de-la-compraventa-en-Cataluna-por-la-tension-del-alquiler.jpg",1080,720,false],"portraits":["https:\/\/www.innovahousegroup.com\/wp-content\/uploads\/2025\/10\/El-auge-de-la-compraventa-en-Cataluna-por-la-tension-del-alquiler.jpg",1080,720,false],"thumbnail":["https:\/\/www.innovahousegroup.com\/wp-content\/uploads\/2025\/10\/El-auge-de-la-compraventa-en-Cataluna-por-la-tension-del-alquiler.jpg",150,100,false],"medium":["https:\/\/www.innovahousegroup.com\/wp-content\/uploads\/2025\/10\/El-auge-de-la-compraventa-en-Cataluna-por-la-tension-del-alquiler.jpg",300,200,false],"large":["https:\/\/www.innovahousegroup.com\/wp-content\/uploads\/2025\/10\/El-auge-de-la-compraventa-en-Cataluna-por-la-tension-del-alquiler.jpg",640,427,false],"1536x1536":["https:\/\/www.innovahousegroup.com\/wp-content\/uploads\/2025\/10\/El-auge-de-la-compraventa-en-Cataluna-por-la-tension-del-alquiler.jpg",1080,720,false],"2048x2048":["https:\/\/www.innovahousegroup.com\/wp-content\/uploads\/2025\/10\/El-auge-de-la-compraventa-en-Cataluna-por-la-tension-del-alquiler.jpg",1080,720,false],"nexproperty-footer-thumbnail":["https:\/\/www.innovahousegroup.com\/wp-content\/uploads\/2025\/10\/El-auge-de-la-compraventa-en-Cataluna-por-la-tension-del-alquiler.jpg",90,60,false],"nexproperty-slider-thumbnail":["https:\/\/www.innovahousegroup.com\/wp-content\/uploads\/2025\/10\/El-auge-de-la-compraventa-en-Cataluna-por-la-tension-del-alquiler.jpg",270,180,false],"nexproperty-post-thumbnail":["https:\/\/www.innovahousegroup.com\/wp-content\/uploads\/2025\/10\/El-auge-de-la-compraventa-en-Cataluna-por-la-tension-del-alquiler.jpg",836,557,false],"nexproperty-post-thumbnail-nocrop":["https:\/\/www.innovahousegroup.com\/wp-content\/uploads\/2025\/10\/El-auge-de-la-compraventa-en-Cataluna-por-la-tension-del-alquiler-836x557.jpg",836,557,true]},"rttpg_author":{"display_name":"Innova House Group","author_link":"https:\/\/www.innovahousegroup.com\/index.php\/author\/admin\/"},"rttpg_comment":5,"rttpg_category":"<a href=\"https:\/\/www.innovahousegroup.com\/index.php\/category\/noticias-de-tu-interes\/compra-noticias-de-tu-interes\/\" rel=\"category tag\">Compra<\/a> <a href=\"https:\/\/www.innovahousegroup.com\/index.php\/category\/noticias-de-tu-interes\/\" rel=\"category tag\">Noticias de tu inter\u00e9s<\/a> <a href=\"https:\/\/www.innovahousegroup.com\/index.php\/category\/noticias-de-tu-interes\/venta-noticias-de-tu-interes\/\" rel=\"category tag\">Venta<\/a>","rttpg_excerpt":"Catalu\u00f1a recupera el segundo puesto en compraventas de vivienda en Espa\u00f1a El mercado inmobiliario catal\u00e1n vive un momento de gran dinamismo. Seg\u00fan los \u00faltimos datos del INE, Catalu\u00f1a ha vuelto a situarse como la segunda comunidad con mayor n\u00famero de compraventas de viviendas en Espa\u00f1a, solo por detr\u00e1s de Andaluc\u00eda y por delante de la&hellip;","_links":{"self":[{"href":"https:\/\/www.innovahousegroup.com\/index.php\/wp-json\/wp\/v2\/posts\/5492","targetHints":{"allow":["GET"]}}],"collection":[{"href":"https:\/\/www.innovahousegroup.com\/index.php\/wp-json\/wp\/v2\/posts"}],"about":[{"href":"https:\/\/www.innovahousegroup.com\/index.php\/wp-json\/wp\/v2\/types\/post"}],"author":[{"embeddable":true,"href":"https:\/\/www.innovahousegroup.com\/index.php\/wp-json\/wp\/v2\/users\/1"}],"replies":[{"embeddable":true,"href":"https:\/\/www.innovahousegroup.com\/index.php\/wp-json\/wp\/v2\/comments?post=5492"}],"version-history":[{"count":4,"href":"https:\/\/www.innovahousegroup.com\/index.php\/wp-json\/wp\/v2\/posts\/5492\/revisions"}],"predecessor-version":[{"id":5496,"href":"https:\/\/www.innovahousegroup.com\/index.php\/wp-json\/wp\/v2\/posts\/5492\/revisions\/5496"}],"wp:featuredmedia":[{"embeddable":true,"href":"https:\/\/www.innovahousegroup.com\/index.php\/wp-json\/wp\/v2\/media\/5497"}],"wp:attachment":[{"href":"https:\/\/www.innovahousegroup.com\/index.php\/wp-json\/wp\/v2\/media?parent=5492"}],"wp:term":[{"taxonomy":"category","embeddable":true,"href":"https:\/\/www.innovahousegroup.com\/index.php\/wp-json\/wp\/v2\/categories?post=5492"},{"taxonomy":"post_tag","embeddable":true,"href":"https:\/\/www.innovahousegroup.com\/index.php\/wp-json\/wp\/v2\/tags?post=5492"}],"curies":[{"name":"wp","href":"https:\/\/api.w.org\/{rel}","templated":true}]}}